{"id":1364,"date":"2025-05-05T20:10:09","date_gmt":"2025-05-05T18:10:09","guid":{"rendered":"https:\/\/musikschule-brk.de\/?p=1364"},"modified":"2025-05-05T20:29:06","modified_gmt":"2025-05-05T18:29:06","slug":"tag-der-offenen-tuer","status":"publish","type":"post","link":"https:\/\/musikschule-brk.de\/?p=1364","title":{"rendered":"Tag der offenen T\u00fcr"},"content":{"rendered":"\n<p>am 3. Mai 2025 waren unsere T\u00fcren ge\u00f6ffnet.  <\/p>\n\n\n\n<p>Wir stehen f\u00fcr Freude am Musizieren, f\u00fcr gemeinsames Lernen und f\u00fcr kreative Entfaltung. Unser kleines Programm gab einen Einblick in die Vielfalt unseres Angebotes. Im Anschluss konnte man selbst aktiv werden und mit unseren Lehrkr\u00e4ften sprechen, Instrumente ausprobieren und sich inspirieren lassen. <\/p>\n\n\n\n<p>Um die eine oder andere Wartezeit zu \u00fcberbr\u00fccken gab es in der Georgi-Kurhalle ein reiches Kuchenbuffet und Kaffee. <\/p>\n\n\n\n<figure class=\"wp-block-image size-large\"><img loading=\"lazy\" decoding=\"async\" width=\"724\" height=\"1024\" src=\"https:\/\/musikschule-brk.de\/wp-content\/uploads\/2025\/05\/AKM-Collage-724x1024.png\" alt=\"\" class=\"wp-image-1365\"\/><\/figure>\n","protected":false},"excerpt":{"rendered":"<p>am 3. Mai 2025 waren unsere T\u00fcren ge\u00f6ffnet. Wir stehen f\u00fcr Freude am Musizieren, f\u00fcr gemeinsames Lernen und f\u00fcr kreative Entfaltung. Unser kleines Programm gab einen Einblick in die Vielfalt unseres Angebotes. Im Anschluss konnte man selbst aktiv werden und mit unseren Lehrkr\u00e4ften sprechen, Instrumente ausprobieren und sich inspirieren lassen. Um die eine oder andere [&hellip;]<\/p>\n","protected":false},"author":1,"featured_media":0,"comment_status":"closed","ping_status":"closed","sticky":false,"template":"","format":"standard","meta":{"_et_pb_use_builder":"off","_et_pb_old_content":"","_et_gb_content_width":"","footnotes":""},"categories":[7],"tags":[],"class_list":["post-1364","post","type-post","status-publish","format-standard","hentry","category-aktuelles"],"_links":{"self":[{"href":"https:\/\/musikschule-brk.de\/index.php?rest_route=\/wp\/v2\/posts\/1364","targetHints":{"allow":["GET"]}}],"collection":[{"href":"https:\/\/musikschule-brk.de\/index.php?rest_route=\/wp\/v2\/posts"}],"about":[{"href":"https:\/\/musikschule-brk.de\/index.php?rest_route=\/wp\/v2\/types\/post"}],"author":[{"embeddable":true,"href":"https:\/\/musikschule-brk.de\/index.php?rest_route=\/wp\/v2\/users\/1"}],"replies":[{"embeddable":true,"href":"https:\/\/musikschule-brk.de\/index.php?rest_route=%2Fwp%2Fv2%2Fcomments&post=1364"}],"version-history":[{"count":2,"href":"https:\/\/musikschule-brk.de\/index.php?rest_route=\/wp\/v2\/posts\/1364\/revisions"}],"predecessor-version":[{"id":1368,"href":"https:\/\/musikschule-brk.de\/index.php?rest_route=\/wp\/v2\/posts\/1364\/revisions\/1368"}],"wp:attachment":[{"href":"https:\/\/musikschule-brk.de\/index.php?rest_route=%2Fwp%2Fv2%2Fmedia&parent=1364"}],"wp:term":[{"taxonomy":"category","embeddable":true,"href":"https:\/\/musikschule-brk.de\/index.php?rest_route=%2Fwp%2Fv2%2Fcategories&post=1364"},{"taxonomy":"post_tag","embeddable":true,"href":"https:\/\/musikschule-brk.de\/index.php?rest_route=%2Fwp%2Fv2%2Ftags&post=1364"}],"curies":[{"name":"wp","href":"https:\/\/api.w.org\/{rel}","templated":true}]}}