{"id":1233,"date":"2023-07-03T15:24:03","date_gmt":"2023-07-03T13:24:03","guid":{"rendered":"https:\/\/musikschule-brk.de\/?p=1233"},"modified":"2023-07-03T15:36:41","modified_gmt":"2023-07-03T13:36:41","slug":"musik-auf-dem-stadtfest","status":"publish","type":"post","link":"https:\/\/musikschule-brk.de\/?p=1233","title":{"rendered":"Musik auf dem Stadtfest"},"content":{"rendered":"\n<p>Auf dem Stadtfest in Bad Br\u00fcckenau pr\u00e4sentierten die verschiedenen Gruppen der Musikschule am Samstagnachmittag ein buntes Programm. Darunter die Percussion-Gruppe um Csaba B\u00e9ke, das Musikschulorchester unter der Leitung von Manuela M\u00f6ller und die Gitarren- und Bl\u00e4serorchester von Evelyn Frech und Carolin Klug-Sch\u00e4fer. Ein Highlight war die Band June Spirit, die auf der gro\u00dfen B\u00fchne am Marktplatz die G\u00e4ste in den Bann zog. Die G\u00e4ste honorierten die Auftritte der Sch\u00fcler mit viel Applaus.<\/p>\n\n\n\n<p><\/p>\n","protected":false},"excerpt":{"rendered":"<p>Auf dem Stadtfest in Bad Br\u00fcckenau pr\u00e4sentierten die verschiedenen Gruppen der Musikschule am Samstagnachmittag ein buntes Programm. Darunter die Percussion-Gruppe um Csaba B\u00e9ke, das Musikschulorchester unter der Leitung von Manuela M\u00f6ller und die Gitarren- und Bl\u00e4serorchester von Evelyn Frech und Carolin Klug-Sch\u00e4fer. Ein Highlight war die Band June Spirit, die auf der gro\u00dfen B\u00fchne am [&hellip;]<\/p>\n","protected":false},"author":3,"featured_media":0,"comment_status":"closed","ping_status":"closed","sticky":false,"template":"","format":"standard","meta":{"_et_pb_use_builder":"off","_et_pb_old_content":"","_et_gb_content_width":"","footnotes":""},"categories":[7],"tags":[],"class_list":["post-1233","post","type-post","status-publish","format-standard","hentry","category-aktuelles"],"_links":{"self":[{"href":"https:\/\/musikschule-brk.de\/index.php?rest_route=\/wp\/v2\/posts\/1233","targetHints":{"allow":["GET"]}}],"collection":[{"href":"https:\/\/musikschule-brk.de\/index.php?rest_route=\/wp\/v2\/posts"}],"about":[{"href":"https:\/\/musikschule-brk.de\/index.php?rest_route=\/wp\/v2\/types\/post"}],"author":[{"embeddable":true,"href":"https:\/\/musikschule-brk.de\/index.php?rest_route=\/wp\/v2\/users\/3"}],"replies":[{"embeddable":true,"href":"https:\/\/musikschule-brk.de\/index.php?rest_route=%2Fwp%2Fv2%2Fcomments&post=1233"}],"version-history":[{"count":2,"href":"https:\/\/musikschule-brk.de\/index.php?rest_route=\/wp\/v2\/posts\/1233\/revisions"}],"predecessor-version":[{"id":1236,"href":"https:\/\/musikschule-brk.de\/index.php?rest_route=\/wp\/v2\/posts\/1233\/revisions\/1236"}],"wp:attachment":[{"href":"https:\/\/musikschule-brk.de\/index.php?rest_route=%2Fwp%2Fv2%2Fmedia&parent=1233"}],"wp:term":[{"taxonomy":"category","embeddable":true,"href":"https:\/\/musikschule-brk.de\/index.php?rest_route=%2Fwp%2Fv2%2Fcategories&post=1233"},{"taxonomy":"post_tag","embeddable":true,"href":"https:\/\/musikschule-brk.de\/index.php?rest_route=%2Fwp%2Fv2%2Ftags&post=1233"}],"curies":[{"name":"wp","href":"https:\/\/api.w.org\/{rel}","templated":true}]}}